{"id":56524,"date":"2026-03-16T11:00:00","date_gmt":"2026-03-16T11:00:00","guid":{"rendered":"https:\/\/bernardesconsultoria.com\/?p=56524"},"modified":"2026-03-16T12:00:13","modified_gmt":"2026-03-16T12:00:13","slug":"pmo-na-advocacia","status":"publish","type":"post","link":"https:\/\/bernardesconsultoria.com\/pt_pt\/2026\/03\/16\/pmo-na-advocacia\/","title":{"rendered":"PMO na Advocacia"},"content":{"rendered":"<h1 class=\"wp-block-heading\"><strong>PMO na Advocacia: Uma das Principais Tend\u00eancias de Gest\u00e3o para 2026<\/strong><\/h1>\n\n\n\n<p>De acordo com pesquisas do Gartner e do PMI \u2014 Project Management Institute \u2014 mais de 70% dos projetos apresentam falhas por m\u00e1 gest\u00e3o. Na advocacia, esse n\u00famero se reflete em iniciativas que come\u00e7am com energia e terminam esquecidas, em projetos conduzidos sem m\u00e9todo e em decis\u00f5es tomadas sem visibilidade real do que est\u00e1 acontecendo. \u00c9 nesse cen\u00e1rio que o PMO na advocacia surge como uma resposta concreta e estrat\u00e9gica.<\/p>\n\n\n\n<p>Nos \u00faltimos anos, a advocacia passou por uma transforma\u00e7\u00e3o profunda. Escrit\u00f3rios geridos quase exclusivamente com base na t\u00e9cnica jur\u00eddica perceberam que isso, sozinho, j\u00e1 n\u00e3o sustenta crescimento, competitividade e longevidade.<\/p>\n\n\n\n<p>Conceitos como planejamento estrat\u00e9gico, gest\u00e3o por indicadores, governan\u00e7a, controladoria, processos e performance deixaram de ser temas distantes da advocacia. Passaram a fazer parte da rotina dos escrit\u00f3rios que buscam profissionaliza\u00e7\u00e3o.<\/p>\n\n\n\n<p>O escrit\u00f3rio de advocacia moderno precisa ser compreendido e administrado como uma organiza\u00e7\u00e3o \u2014 com estrat\u00e9gia, estrutura, processos e responsabilidades bem definidos. Quando isso acontece, ele amplia sua capacidade de gerar valor: ganha previsibilidade, melhora a efici\u00eancia, fortalece a cultura e potencializa resultados.<\/p>\n\n\n\n<p>\u00c9 exatamente nesse movimento de profissionaliza\u00e7\u00e3o que surge a import\u00e2ncia da gest\u00e3o de projetos e, consequentemente, do PMO na advocacia.<\/p>\n\n\n\n<h2 class=\"wp-block-heading\"><strong>O que \u00e9 um PMO?<\/strong><\/h2>\n\n\n\n<p>PMO \u00e9 a sigla para Project Management Office, ou Escrit\u00f3rio de Gerenciamento de Projetos. Trata-se de uma estrutura organizacional centralizada que padroniza, coordena e supervisiona os processos de governan\u00e7a e gest\u00e3o de projetos dentro de uma organiza\u00e7\u00e3o.<\/p>\n\n\n\n<p>O PMO atua como um hub de recursos e pr\u00e1ticas, sendo respons\u00e1vel por:<\/p>\n\n\n\n<ul class=\"wp-block-list\">\n<li>Padroniza\u00e7\u00e3o de processos e metodologias<\/li>\n\n\n\n<li>Gest\u00e3o de portf\u00f3lio de projetos<\/li>\n\n\n\n<li>Suporte, treinamento e capacita\u00e7\u00e3o de equipes<\/li>\n\n\n\n<li>Reporting e indicadores de acompanhamento<\/li>\n\n\n\n<li>Gest\u00e3o de recursos e prioridades<\/li>\n<\/ul>\n\n\n\n<h2 class=\"wp-block-heading\"><strong>Por que o escrit\u00f3rio de advocacia precisa de gest\u00e3o de projetos?<\/strong><\/h2>\n\n\n\n<p>Durante muito tempo, o conceito de projeto foi tratado como algo distante da realidade jur\u00eddica. Associado \u00e0 engenharia ou \u00e0 tecnologia, parecia n\u00e3o dialogar com a rotina dos escrit\u00f3rios.<\/p>\n\n\n\n<p>Essa percep\u00e7\u00e3o n\u00e3o reflete a pr\u00e1tica. Na realidade, o escrit\u00f3rio de advocacia \u00e9 uma organiza\u00e7\u00e3o movida a projetos.<\/p>\n\n\n\n<p>Quando o escrit\u00f3rio passa a ser gerido como empresa, ele amplia sua capacidade de gerar valor. A gest\u00e3o de projetos \u00e9 o instrumento que conecta essa inten\u00e7\u00e3o \u00e0 execu\u00e7\u00e3o. E o PMO na advocacia \u00e9 a estrutura que viabiliza essa conex\u00e3o de forma consistente e escal\u00e1vel.<\/p>\n\n\n\n<h2 class=\"wp-block-heading\"><strong>Os projetos que j\u00e1 existem no seu escrit\u00f3rio (e voc\u00ea n\u00e3o chama assim)<\/strong><\/h2>\n\n\n\n<p>Toda demanda relevante que envolve pessoas, prazos, recursos e impacto no resultado \u00e9, na ess\u00eancia, um projeto.<\/p>\n\n\n\n<p>Veja alguns exemplos claros disso:<\/p>\n\n\n\n<ul class=\"wp-block-list\">\n<li>Implanta\u00e7\u00e3o de um sistema de gest\u00e3o<\/li>\n\n\n\n<li>Entrada de um grande cliente ou conta estrat\u00e9gica<\/li>\n\n\n\n<li>Cria\u00e7\u00e3o de um novo n\u00facleo ou \u00e1rea de pr\u00e1tica<\/li>\n\n\n\n<li>Revis\u00e3o e padroniza\u00e7\u00e3o de contratos<\/li>\n\n\n\n<li>Implementa\u00e7\u00e3o de programas de compliance<\/li>\n\n\n\n<li>Expans\u00e3o da opera\u00e7\u00e3o ou abertura de novas unidades<\/li>\n<\/ul>\n\n\n\n<p>O problema \u00e9 que esses projetos, em grande parte dos escrit\u00f3rios, continuam sendo conduzidos de forma informal. Surgem em conversas r\u00e1pidas, em mensagens, em reuni\u00f5es sem registro e sem acompanhamento estruturado. H\u00e1 boa inten\u00e7\u00e3o e disposi\u00e7\u00e3o para executar \u2014 mas falta m\u00e9todo.<\/p>\n\n\n\n<h2 class=\"wp-block-heading\"><strong>O que acontece quando n\u00e3o h\u00e1 m\u00e9todo<\/strong><\/h2>\n\n\n\n<p>Tudo come\u00e7a bem. A demanda \u00e9 clara, a inten\u00e7\u00e3o \u00e9 boa, a equipe est\u00e1 animada. Mas, sem lideran\u00e7a definida, sem prazos claros e sem acompanhamento, a rotina toma conta.<\/p>\n\n\n\n<p>O projeto vai ficando em segundo plano, depois em terceiro \u2014 e \u00e9 esquecido. At\u00e9 virar problema: atraso, retrabalho, estresse, cobran\u00e7a e frustra\u00e7\u00e3o.<\/p>\n\n\n\n<p>Se voc\u00ea trabalha em escrit\u00f3rio, isso n\u00e3o \u00e9 novidade. \u00c9 realidade.<\/p>\n\n\n\n<p>\ud83d\udccc&nbsp; Pesquisas do PMI indicam que mais de 70% dos projetos falham por m\u00e1 gest\u00e3o \u2014<\/p>\n\n\n\n<p>&nbsp;&nbsp;&nbsp;&nbsp;n\u00e3o por falta de compet\u00eancia t\u00e9cnica, mas por aus\u00eancia de estrutura e m\u00e9todo.<\/p>\n\n\n\n<h2 class=\"wp-block-heading\"><strong>O papel do PMO dentro do escrit\u00f3rio de advocacia<\/strong><\/h2>\n\n\n\n<p>O PMO na advocacia n\u00e3o representa burocracia nem engessamento. Ele representa organiza\u00e7\u00e3o aplicada \u00e0 realidade jur\u00eddica. Sua fun\u00e7\u00e3o principal \u00e9 transformar decis\u00f5es em execu\u00e7\u00e3o e planejamento em resultado.<\/p>\n\n\n\n<h3 class=\"wp-block-heading\"><strong>Estrutura\u00e7\u00e3o desde o in\u00edcio<\/strong><\/h3>\n\n\n\n<p>Ao estruturar os projetos desde o come\u00e7o, o PMO contribui para que cada iniciativa tenha objetivos claros, prazos definidos, respons\u00e1veis estabelecidos e riscos mapeados. Nada come\u00e7a de forma improvisada. As expectativas s\u00e3o alinhadas desde o primeiro momento.<\/p>\n\n\n\n<h3 class=\"wp-block-heading\"><strong>Clareza de responsabilidades<\/strong><\/h3>\n\n\n\n<p>Cada projeto passa a ter lideran\u00e7a, coordena\u00e7\u00e3o e inst\u00e2ncias de decis\u00e3o bem definidas. Isso evita que as demandas fiquem dispersas, sem dono, e fortalece a cultura de compromisso com entregas.<\/p>\n\n\n\n<h3 class=\"wp-block-heading\"><strong>Acompanhamento cont\u00ednuo<\/strong><\/h3>\n\n\n\n<p>O PMO monitora prazos, identifica gargalos, antecipa riscos e prop\u00f5e ajustes. Problemas deixam de ser percebidos apenas quando j\u00e1 se tornaram cr\u00edticos. Passam a ser tratados de forma preventiva, com racionalidade e m\u00e9todo.<\/p>\n\n\n\n<p>Esse acompanhamento tamb\u00e9m reduz ru\u00eddos internos. Reuni\u00f5es tornam-se mais objetivas, informa\u00e7\u00f5es circulam com mais clareza e conflitos s\u00e3o tratados de forma estruturada. A cobran\u00e7a deixa de ser pessoal e passa a ser institucional.<\/p>\n\n\n\n<h2 class=\"wp-block-heading\"><strong>Os impactos concretos do PMO na gest\u00e3o do escrit\u00f3rio<\/strong><\/h2>\n\n\n\n<p>Com o amadurecimento dessa estrutura, o impacto na gest\u00e3o torna-se evidente. O escrit\u00f3rio passa a operar com maior previsibilidade. A lideran\u00e7a enxerga com mais clareza o que est\u00e1 em andamento, quais s\u00e3o as prioridades e onde est\u00e3o os principais riscos.<\/p>\n\n\n\n<p>As decis\u00f5es deixam de ser reativas e passam a ser fundamentadas em informa\u00e7\u00f5es confi\u00e1veis. Esse ambiente gera mais controle sobre a opera\u00e7\u00e3o, sem comprometer a autonomia dos profissionais.<\/p>\n\n\n\n<p>Outro efeito relevante \u00e9 a redu\u00e7\u00e3o da depend\u00eancia excessiva dos s\u00f3cios no dia a dia operacional. \u00c0 medida que os projetos passam a ser acompanhados por uma estrutura pr\u00f3pria, os s\u00f3cios deixam de atuar constantemente como gestores informais de todas as demandas \u2014 ganhando tempo, energia e foco para atividades estrat\u00e9gicas.<\/p>\n\n\n\n<p>A produtividade tamb\u00e9m \u00e9 impactada diretamente. Quando as pessoas compreendem seus pap\u00e9is, seus prazos e a relev\u00e2ncia de suas entregas, o engajamento aumenta. O retrabalho diminui, os ru\u00eddos se reduzem e o foco se fortalece.<\/p>\n\n\n\n<p>Com o tempo, essa organiza\u00e7\u00e3o se reflete nos n\u00fameros. Projetos melhor geridos consomem menos recursos, sofrem menos atrasos e geram menos desperd\u00edcio. O escrit\u00f3rio passa a ter maior dom\u00ednio sobre seus custos, sua rentabilidade e sua margem.<\/p>\n\n\n\n<p>Mais do que organizar projetos, o PMO na advocacia organiza a forma como o escrit\u00f3rio funciona. Ele conecta estrat\u00e9gia e execu\u00e7\u00e3o. Transforma inten\u00e7\u00e3o em entrega. Converte decis\u00f5es em resultados.<\/p>\n\n\n\n<h2 class=\"wp-block-heading\"><strong>Qual \u00e9 o perfil ideal do gestor de PMO na advocacia?<\/strong><\/h2>\n\n\n\n<p>A implanta\u00e7\u00e3o do PMO na advocacia exige aten\u00e7\u00e3o especial ao perfil do profissional respons\u00e1vel por essa fun\u00e7\u00e3o. N\u00e3o se trata apenas de algu\u00e9m que organize planilhas ou acompanhe cronogramas.<\/p>\n\n\n\n<p>O gestor de PMO precisa reunir um conjunto espec\u00edfico de compet\u00eancias:<\/p>\n\n\n\n<ul class=\"wp-block-list\">\n<li>Capacidade real de organiza\u00e7\u00e3o e vis\u00e3o sist\u00eamica<\/li>\n\n\n\n<li>Afinidade com dados, indicadores e controles<\/li>\n\n\n\n<li>Disciplina com prazos e entregas<\/li>\n\n\n\n<li>Habilidade de comunica\u00e7\u00e3o e gest\u00e3o de pessoas<\/li>\n\n\n\n<li>Compreens\u00e3o da din\u00e2mica da advocacia e suas press\u00f5es<\/li>\n<\/ul>\n\n\n\n<p>\u00c9 esse profissional que vai cobrar entregas, alinhar expectativas, mediar conflitos e apoiar equipes \u2014 mantendo o foco em resultados. Sem esse conjunto de compet\u00eancias, o PMO tende a se tornar uma estrutura burocr\u00e1tica, distante da opera\u00e7\u00e3o e incapaz de gerar impacto concreto.<\/p>\n\n\n\n<p>Como costumamos dizer no universo jur\u00eddico: gerir pessoas em escrit\u00f3rio \u00e9 quase como pastorear gatos. O gestor de PMO precisa ter exatamente essa habilidade \u2014 e legitimidade para exerc\u00ea-la junto aos advogados.<\/p>\n\n\n\n<h2 class=\"wp-block-heading\"><strong>PMO na advocacia: n\u00e3o \u00e9 mais diferencial, \u00e9 condi\u00e7\u00e3o<\/strong><\/h2>\n\n\n\n<p>Na advocacia contempor\u00e2nea, gerir bem projetos n\u00e3o \u00e9 mais um diferencial competitivo. \u00c9 uma condi\u00e7\u00e3o para permanecer no jogo.<\/p>\n\n\n\n<p>A pergunta, portanto, n\u00e3o \u00e9 se o seu escrit\u00f3rio precisa de um PMO na advocacia. A pergunta \u00e9 se ele est\u00e1 preparado para crescer com m\u00e9todo, consist\u00eancia e vis\u00e3o de longo prazo.<\/p>\n\n\n\n<p>\ud83d\udca1&nbsp; Escrit\u00f3rios que adotam o PMO na advocacia relatam redu\u00e7\u00e3o de retrabalho,<\/p>\n\n\n\n<p>&nbsp;&nbsp;&nbsp;&nbsp;maior previsibilidade operacional e lideran\u00e7as mais focadas em estrat\u00e9gia<\/p>","protected":false},"excerpt":{"rendered":"<p>PMO na Advocacia: Uma das Principais Tend\u00eancias de Gest\u00e3o para 2026 De acordo com pesquisas do Gartner e do PMI \u2014 Project Management Institute \u2014 mais de 70% dos projetos apresentam falhas por m\u00e1 gest\u00e3o. Na advocacia, esse n\u00famero se reflete em iniciativas que come\u00e7am com energia e terminam esquecidas, em projetos conduzidos sem m\u00e9todo&hellip;<\/p>","protected":false},"author":2,"featured_media":0,"comment_status":"open","ping_status":"open","sticky":false,"template":"","format":"standard","meta":{"footnotes":""},"categories":[1],"tags":[],"class_list":["post-56524","post","type-post","status-publish","format-standard","hentry","category-uncategorized","category-1","description-off"],"yoast_head":"<!-- This site is optimized with the Yoast SEO plugin v24.8.1 - https:\/\/yoast.com\/wordpress\/plugins\/seo\/ -->\n<title>PMO na Advocacia - Bernardes Consultoria<\/title>\n<meta name=\"description\" content=\"Entenda o que \u00e9 PMO na advocacia, como funciona na pr\u00e1tica e por que escrit\u00f3rios que adotam essa gest\u00e3o crescem.\" \/>\n<meta name=\"robots\" content=\"index, follow, max-snippet:-1, max-image-preview:large, max-video-preview:-1\" \/>\n<link rel=\"canonical\" href=\"https:\/\/bernardesconsultoria.com\/pt_pt\/2026\/03\/16\/pmo-na-advocacia\/\" \/>\n<meta property=\"og:locale\" content=\"pt_PT\" \/>\n<meta property=\"og:type\" content=\"article\" \/>\n<meta property=\"og:title\" content=\"PMO na Advocacia - Bernardes Consultoria\" \/>\n<meta property=\"og:description\" content=\"Entenda o que \u00e9 PMO na advocacia, como funciona na pr\u00e1tica e por que escrit\u00f3rios que adotam essa gest\u00e3o crescem.\" \/>\n<meta property=\"og:url\" content=\"https:\/\/bernardesconsultoria.com\/pt_pt\/2026\/03\/16\/pmo-na-advocacia\/\" \/>\n<meta property=\"og:site_name\" content=\"Bernardes Consultoria\" \/>\n<meta property=\"article:published_time\" content=\"2026-03-16T11:00:00+00:00\" \/>\n<meta property=\"article:modified_time\" content=\"2026-03-16T12:00:13+00:00\" \/>\n<meta name=\"author\" content=\"Thiago\" \/>\n<meta name=\"twitter:card\" content=\"summary_large_image\" \/>\n<meta name=\"twitter:label1\" content=\"Escrito por\" \/>\n\t<meta name=\"twitter:data1\" content=\"Thiago\" \/>\n\t<meta name=\"twitter:label2\" content=\"Tempo estimado de leitura\" \/>\n\t<meta name=\"twitter:data2\" content=\"7 minutos\" \/>\n<script type=\"application\/ld+json\" class=\"yoast-schema-graph\">{\"@context\":\"https:\/\/schema.org\",\"@graph\":[{\"@type\":\"Article\",\"@id\":\"https:\/\/bernardesconsultoria.com\/2026\/03\/16\/pmo-na-advocacia\/#article\",\"isPartOf\":{\"@id\":\"https:\/\/bernardesconsultoria.com\/2026\/03\/16\/pmo-na-advocacia\/\"},\"author\":{\"name\":\"Thiago\",\"@id\":\"https:\/\/www.bernardesconsultoria.com\/#\/schema\/person\/904580b51483e4439184f7d7aafcfdde\"},\"headline\":\"PMO na Advocacia\",\"datePublished\":\"2026-03-16T11:00:00+00:00\",\"dateModified\":\"2026-03-16T12:00:13+00:00\",\"mainEntityOfPage\":{\"@id\":\"https:\/\/bernardesconsultoria.com\/2026\/03\/16\/pmo-na-advocacia\/\"},\"wordCount\":1404,\"commentCount\":0,\"publisher\":{\"@id\":\"https:\/\/www.bernardesconsultoria.com\/#organization\"},\"articleSection\":[\"Uncategorized\"],\"inLanguage\":\"pt-PT\",\"potentialAction\":[{\"@type\":\"CommentAction\",\"name\":\"Comment\",\"target\":[\"https:\/\/bernardesconsultoria.com\/2026\/03\/16\/pmo-na-advocacia\/#respond\"]}]},{\"@type\":\"WebPage\",\"@id\":\"https:\/\/bernardesconsultoria.com\/2026\/03\/16\/pmo-na-advocacia\/\",\"url\":\"https:\/\/bernardesconsultoria.com\/2026\/03\/16\/pmo-na-advocacia\/\",\"name\":\"PMO na Advocacia - Bernardes Consultoria\",\"isPartOf\":{\"@id\":\"https:\/\/www.bernardesconsultoria.com\/#website\"},\"datePublished\":\"2026-03-16T11:00:00+00:00\",\"dateModified\":\"2026-03-16T12:00:13+00:00\",\"description\":\"Entenda o que \u00e9 PMO na advocacia, como funciona na pr\u00e1tica e por que escrit\u00f3rios que adotam essa gest\u00e3o crescem.\",\"breadcrumb\":{\"@id\":\"https:\/\/bernardesconsultoria.com\/2026\/03\/16\/pmo-na-advocacia\/#breadcrumb\"},\"inLanguage\":\"pt-PT\",\"potentialAction\":[{\"@type\":\"ReadAction\",\"target\":[\"https:\/\/bernardesconsultoria.com\/2026\/03\/16\/pmo-na-advocacia\/\"]}]},{\"@type\":\"BreadcrumbList\",\"@id\":\"https:\/\/bernardesconsultoria.com\/2026\/03\/16\/pmo-na-advocacia\/#breadcrumb\",\"itemListElement\":[{\"@type\":\"ListItem\",\"position\":1,\"name\":\"In\u00edcio\",\"item\":\"https:\/\/bernardesconsultoria.com\/\"},{\"@type\":\"ListItem\",\"position\":2,\"name\":\"PMO na Advocacia\"}]},{\"@type\":\"WebSite\",\"@id\":\"https:\/\/www.bernardesconsultoria.com\/#website\",\"url\":\"https:\/\/www.bernardesconsultoria.com\/\",\"name\":\"Bernardes Consultoria\",\"description\":\"\",\"publisher\":{\"@id\":\"https:\/\/www.bernardesconsultoria.com\/#organization\"},\"potentialAction\":[{\"@type\":\"SearchAction\",\"target\":{\"@type\":\"EntryPoint\",\"urlTemplate\":\"https:\/\/www.bernardesconsultoria.com\/?s={search_term_string}\"},\"query-input\":{\"@type\":\"PropertyValueSpecification\",\"valueRequired\":true,\"valueName\":\"search_term_string\"}}],\"inLanguage\":\"pt-PT\"},{\"@type\":\"Organization\",\"@id\":\"https:\/\/www.bernardesconsultoria.com\/#organization\",\"name\":\"Bernardes Consultoria\",\"url\":\"https:\/\/www.bernardesconsultoria.com\/\",\"logo\":{\"@type\":\"ImageObject\",\"inLanguage\":\"pt-PT\",\"@id\":\"https:\/\/www.bernardesconsultoria.com\/#\/schema\/logo\/image\/\",\"url\":\"\",\"contentUrl\":\"\",\"caption\":\"Bernardes Consultoria\"},\"image\":{\"@id\":\"https:\/\/www.bernardesconsultoria.com\/#\/schema\/logo\/image\/\"}},{\"@type\":\"Person\",\"@id\":\"https:\/\/www.bernardesconsultoria.com\/#\/schema\/person\/904580b51483e4439184f7d7aafcfdde\",\"name\":\"Thiago\",\"image\":{\"@type\":\"ImageObject\",\"inLanguage\":\"pt-PT\",\"@id\":\"https:\/\/www.bernardesconsultoria.com\/#\/schema\/person\/image\/\",\"url\":\"https:\/\/secure.gravatar.com\/avatar\/7b53a0d82b2ee81db492a910e5dd6929?s=96&d=mm&r=g\",\"contentUrl\":\"https:\/\/secure.gravatar.com\/avatar\/7b53a0d82b2ee81db492a910e5dd6929?s=96&d=mm&r=g\",\"caption\":\"Thiago\"},\"sameAs\":[\"http:\/\/bernardesconsultoria.com\"],\"url\":\"https:\/\/bernardesconsultoria.com\/pt_pt\/author\/thiagobernardes\/\"}]}<\/script>\n<!-- \/ Yoast SEO plugin. -->","yoast_head_json":{"title":"PMO na Advocacia - Bernardes Consultoria","description":"Entenda o que \u00e9 PMO na advocacia, como funciona na pr\u00e1tica e por que escrit\u00f3rios que adotam essa gest\u00e3o crescem.","robots":{"index":"index","follow":"follow","max-snippet":"max-snippet:-1","max-image-preview":"max-image-preview:large","max-video-preview":"max-video-preview:-1"},"canonical":"https:\/\/bernardesconsultoria.com\/pt_pt\/2026\/03\/16\/pmo-na-advocacia\/","og_locale":"pt_PT","og_type":"article","og_title":"PMO na Advocacia - Bernardes Consultoria","og_description":"Entenda o que \u00e9 PMO na advocacia, como funciona na pr\u00e1tica e por que escrit\u00f3rios que adotam essa gest\u00e3o crescem.","og_url":"https:\/\/bernardesconsultoria.com\/pt_pt\/2026\/03\/16\/pmo-na-advocacia\/","og_site_name":"Bernardes Consultoria","article_published_time":"2026-03-16T11:00:00+00:00","article_modified_time":"2026-03-16T12:00:13+00:00","author":"Thiago","twitter_card":"summary_large_image","twitter_misc":{"Escrito por":"Thiago","Tempo estimado de leitura":"7 minutos"},"schema":{"@context":"https:\/\/schema.org","@graph":[{"@type":"Article","@id":"https:\/\/bernardesconsultoria.com\/2026\/03\/16\/pmo-na-advocacia\/#article","isPartOf":{"@id":"https:\/\/bernardesconsultoria.com\/2026\/03\/16\/pmo-na-advocacia\/"},"author":{"name":"Thiago","@id":"https:\/\/www.bernardesconsultoria.com\/#\/schema\/person\/904580b51483e4439184f7d7aafcfdde"},"headline":"PMO na Advocacia","datePublished":"2026-03-16T11:00:00+00:00","dateModified":"2026-03-16T12:00:13+00:00","mainEntityOfPage":{"@id":"https:\/\/bernardesconsultoria.com\/2026\/03\/16\/pmo-na-advocacia\/"},"wordCount":1404,"commentCount":0,"publisher":{"@id":"https:\/\/www.bernardesconsultoria.com\/#organization"},"articleSection":["Uncategorized"],"inLanguage":"pt-PT","potentialAction":[{"@type":"CommentAction","name":"Comment","target":["https:\/\/bernardesconsultoria.com\/2026\/03\/16\/pmo-na-advocacia\/#respond"]}]},{"@type":"WebPage","@id":"https:\/\/bernardesconsultoria.com\/2026\/03\/16\/pmo-na-advocacia\/","url":"https:\/\/bernardesconsultoria.com\/2026\/03\/16\/pmo-na-advocacia\/","name":"PMO na Advocacia - Bernardes Consultoria","isPartOf":{"@id":"https:\/\/www.bernardesconsultoria.com\/#website"},"datePublished":"2026-03-16T11:00:00+00:00","dateModified":"2026-03-16T12:00:13+00:00","description":"Entenda o que \u00e9 PMO na advocacia, como funciona na pr\u00e1tica e por que escrit\u00f3rios que adotam essa gest\u00e3o crescem.","breadcrumb":{"@id":"https:\/\/bernardesconsultoria.com\/2026\/03\/16\/pmo-na-advocacia\/#breadcrumb"},"inLanguage":"pt-PT","potentialAction":[{"@type":"ReadAction","target":["https:\/\/bernardesconsultoria.com\/2026\/03\/16\/pmo-na-advocacia\/"]}]},{"@type":"BreadcrumbList","@id":"https:\/\/bernardesconsultoria.com\/2026\/03\/16\/pmo-na-advocacia\/#breadcrumb","itemListElement":[{"@type":"ListItem","position":1,"name":"In\u00edcio","item":"https:\/\/bernardesconsultoria.com\/"},{"@type":"ListItem","position":2,"name":"PMO na Advocacia"}]},{"@type":"WebSite","@id":"https:\/\/www.bernardesconsultoria.com\/#website","url":"https:\/\/www.bernardesconsultoria.com\/","name":"Bernardes Consultoria","description":"","publisher":{"@id":"https:\/\/www.bernardesconsultoria.com\/#organization"},"potentialAction":[{"@type":"SearchAction","target":{"@type":"EntryPoint","urlTemplate":"https:\/\/www.bernardesconsultoria.com\/?s={search_term_string}"},"query-input":{"@type":"PropertyValueSpecification","valueRequired":true,"valueName":"search_term_string"}}],"inLanguage":"pt-PT"},{"@type":"Organization","@id":"https:\/\/www.bernardesconsultoria.com\/#organization","name":"Bernardes Consultoria","url":"https:\/\/www.bernardesconsultoria.com\/","logo":{"@type":"ImageObject","inLanguage":"pt-PT","@id":"https:\/\/www.bernardesconsultoria.com\/#\/schema\/logo\/image\/","url":"","contentUrl":"","caption":"Bernardes Consultoria"},"image":{"@id":"https:\/\/www.bernardesconsultoria.com\/#\/schema\/logo\/image\/"}},{"@type":"Person","@id":"https:\/\/www.bernardesconsultoria.com\/#\/schema\/person\/904580b51483e4439184f7d7aafcfdde","name":"Thiago","image":{"@type":"ImageObject","inLanguage":"pt-PT","@id":"https:\/\/www.bernardesconsultoria.com\/#\/schema\/person\/image\/","url":"https:\/\/secure.gravatar.com\/avatar\/7b53a0d82b2ee81db492a910e5dd6929?s=96&d=mm&r=g","contentUrl":"https:\/\/secure.gravatar.com\/avatar\/7b53a0d82b2ee81db492a910e5dd6929?s=96&d=mm&r=g","caption":"Thiago"},"sameAs":["http:\/\/bernardesconsultoria.com"],"url":"https:\/\/bernardesconsultoria.com\/pt_pt\/author\/thiagobernardes\/"}]}},"_links":{"self":[{"href":"https:\/\/bernardesconsultoria.com\/pt_pt\/wp-json\/wp\/v2\/posts\/56524","targetHints":{"allow":["GET"]}}],"collection":[{"href":"https:\/\/bernardesconsultoria.com\/pt_pt\/wp-json\/wp\/v2\/posts"}],"about":[{"href":"https:\/\/bernardesconsultoria.com\/pt_pt\/wp-json\/wp\/v2\/types\/post"}],"author":[{"embeddable":true,"href":"https:\/\/bernardesconsultoria.com\/pt_pt\/wp-json\/wp\/v2\/users\/2"}],"replies":[{"embeddable":true,"href":"https:\/\/bernardesconsultoria.com\/pt_pt\/wp-json\/wp\/v2\/comments?post=56524"}],"version-history":[{"count":1,"href":"https:\/\/bernardesconsultoria.com\/pt_pt\/wp-json\/wp\/v2\/posts\/56524\/revisions"}],"predecessor-version":[{"id":56525,"href":"https:\/\/bernardesconsultoria.com\/pt_pt\/wp-json\/wp\/v2\/posts\/56524\/revisions\/56525"}],"wp:attachment":[{"href":"https:\/\/bernardesconsultoria.com\/pt_pt\/wp-json\/wp\/v2\/media?parent=56524"}],"wp:term":[{"taxonomy":"category","embeddable":true,"href":"https:\/\/bernardesconsultoria.com\/pt_pt\/wp-json\/wp\/v2\/categories?post=56524"},{"taxonomy":"post_tag","embeddable":true,"href":"https:\/\/bernardesconsultoria.com\/pt_pt\/wp-json\/wp\/v2\/tags?post=56524"}],"curies":[{"name":"wp","href":"https:\/\/api.w.org\/{rel}","templated":true}]}}